{"id":556,"date":"2021-12-13T23:47:22","date_gmt":"2021-12-13T22:47:22","guid":{"rendered":"https:\/\/polskiksiegowy.de\/?p=556"},"modified":"2022-03-15T09:09:31","modified_gmt":"2022-03-15T08:09:31","slug":"nowe-zaostrzone-przepisy-dot-spoznienia-w-zlozeniu-deklaracji-podatkowej","status":"publish","type":"post","link":"https:\/\/polskiksiegowy.de\/index.php\/2021\/12\/13\/nowe-zaostrzone-przepisy-dot-spoznienia-w-zlozeniu-deklaracji-podatkowej\/","title":{"rendered":"Nowe: zaostrzone przepisy dotycz\u0105ce sp\u00f3\u017anienia w z\u0142o\u017ceniu deklaracji podatkowej."},"content":{"rendered":"\n<p>Od 2019 r. podatnicy otrzymali dwa dodatkowe miesi\u0105ce na z\u0142o\u017cenie zeznania podatkowego. Niestety to nie wszystkie zmiany w przepisach. Te drugie nak\u0142adaj\u0105 kary finansowe na sp\u00f3\u017anialskich. Tak wi\u0119c za z\u0142o\u017cenie deklaracji za rok 2017r. to urz\u0105d finansowy decydowa\u0142 czy na\u0142o\u017cy\u0107 na sp\u00f3\u017anialskiego kar\u0119 pieni\u0119\u017cn\u0105 czy te\u017c przymkn\u0105\u0107 oko. Od z\u0142o\u017cenia deklaracji od roku 2018 niestety kara sta\u0142a si\u0119 wymagalna i wynosi 0,25% miesi\u0119cznie od kwoty kt\u00f3r\u0105 zalegamy, lecz nie mniej ni\u017c 25\u20ac za ka\u017cdy miesi\u0105c zw\u0142oki. To naprawd\u0119 sporo pieni\u0119dzy. (\u00a7152 AO)<\/p>\n","protected":false},"excerpt":{"rendered":"<p>Od 2019 r. podatnicy otrzymali dwa dodatkowe miesi\u0105ce na z\u0142o\u017cenie zeznania podatkowego. Niestety to nie wszystkie zmiany w przepisach. Te drugie nak\u0142adaj\u0105 kary finansowe na sp\u00f3\u017anialskich. Tak wi\u0119c za z\u0142o\u017cenie deklaracji za rok 2017r. to urz\u0105d finansowy decydowa\u0142 czy na\u0142o\u017cy\u0107 na sp\u00f3\u017anialskiego kar\u0119 pieni\u0119\u017cn\u0105 czy te\u017c przymkn\u0105\u0107 oko. Od z\u0142o\u017cenia deklaracji od roku 2018 niestety [&hellip;]<\/p>\n","protected":false},"author":2,"featured_media":0,"comment_status":"open","ping_status":"open","sticky":false,"template":"","format":"standard","meta":{"_et_pb_use_builder":"off","_et_pb_old_content":"","_et_gb_content_width":"","footnotes":""},"categories":[18],"tags":[],"class_list":["post-556","post","type-post","status-publish","format-standard","hentry","category-informacje"],"_links":{"self":[{"href":"https:\/\/polskiksiegowy.de\/index.php\/wp-json\/wp\/v2\/posts\/556","targetHints":{"allow":["GET"]}}],"collection":[{"href":"https:\/\/polskiksiegowy.de\/index.php\/wp-json\/wp\/v2\/posts"}],"about":[{"href":"https:\/\/polskiksiegowy.de\/index.php\/wp-json\/wp\/v2\/types\/post"}],"author":[{"embeddable":true,"href":"https:\/\/polskiksiegowy.de\/index.php\/wp-json\/wp\/v2\/users\/2"}],"replies":[{"embeddable":true,"href":"https:\/\/polskiksiegowy.de\/index.php\/wp-json\/wp\/v2\/comments?post=556"}],"version-history":[{"count":6,"href":"https:\/\/polskiksiegowy.de\/index.php\/wp-json\/wp\/v2\/posts\/556\/revisions"}],"predecessor-version":[{"id":563,"href":"https:\/\/polskiksiegowy.de\/index.php\/wp-json\/wp\/v2\/posts\/556\/revisions\/563"}],"wp:attachment":[{"href":"https:\/\/polskiksiegowy.de\/index.php\/wp-json\/wp\/v2\/media?parent=556"}],"wp:term":[{"taxonomy":"category","embeddable":true,"href":"https:\/\/polskiksiegowy.de\/index.php\/wp-json\/wp\/v2\/categories?post=556"},{"taxonomy":"post_tag","embeddable":true,"href":"https:\/\/polskiksiegowy.de\/index.php\/wp-json\/wp\/v2\/tags?post=556"}],"curies":[{"name":"wp","href":"https:\/\/api.w.org\/{rel}","templated":true}]}}