{"id":571,"date":"2021-12-14T00:18:43","date_gmt":"2021-12-13T23:18:43","guid":{"rendered":"https:\/\/polskiksiegowy.de\/?p=571"},"modified":"2022-03-15T09:08:50","modified_gmt":"2022-03-15T08:08:50","slug":"promocja-do-31-12-2021","status":"publish","type":"post","link":"https:\/\/polskiksiegowy.de\/index.php\/2021\/12\/14\/promocja-do-31-12-2021\/","title":{"rendered":"Promocja do 31.12.2021"},"content":{"rendered":"\n<p>Ka\u017cdy kto w 2020 roku otrzyma\u0142 wyp\u0142at\u0119 zast\u0119pcz\u0105 (Kurzarbeitergeld), b\u0119dzie rozliczony z podatku za 2020r za jedyne&nbsp;<strong>39\u20ac<\/strong>. <\/p>\n\n\n\n<p>Nie zapomnij &#8211; je\u017celi tw\u00f3j Kurzarbeitergeld w roku 2020 przekroczy\u0142 410<strong>\u20ac<\/strong>, to masz obowi\u0105zek do z\u0142o\u017cenia deklaracji podatkowej. <\/p>\n\n\n\n<p>Nie zwlekaj na ostatni moment, kontaktuj si\u0119 od razu!<\/p>\n","protected":false},"excerpt":{"rendered":"<p>Ka\u017cdy kto w 2020 roku otrzyma\u0142 wyp\u0142at\u0119 zast\u0119pcz\u0105 (Kurzarbeitergeld), b\u0119dzie rozliczony z podatku za 2020r za jedyne&nbsp;39\u20ac. Nie zapomnij &#8211; je\u017celi tw\u00f3j Kurzarbeitergeld w roku 2020 przekroczy\u0142 410\u20ac, to masz obowi\u0105zek do z\u0142o\u017cenia deklaracji podatkowej. Nie zwlekaj na ostatni moment, kontaktuj si\u0119 od razu!<\/p>\n","protected":false},"author":2,"featured_media":0,"comment_status":"open","ping_status":"open","sticky":false,"template":"","format":"standard","meta":{"_et_pb_use_builder":"off","_et_pb_old_content":"","_et_gb_content_width":"","footnotes":""},"categories":[17],"tags":[],"class_list":["post-571","post","type-post","status-publish","format-standard","hentry","category-aktualnosci"],"_links":{"self":[{"href":"https:\/\/polskiksiegowy.de\/index.php\/wp-json\/wp\/v2\/posts\/571","targetHints":{"allow":["GET"]}}],"collection":[{"href":"https:\/\/polskiksiegowy.de\/index.php\/wp-json\/wp\/v2\/posts"}],"about":[{"href":"https:\/\/polskiksiegowy.de\/index.php\/wp-json\/wp\/v2\/types\/post"}],"author":[{"embeddable":true,"href":"https:\/\/polskiksiegowy.de\/index.php\/wp-json\/wp\/v2\/users\/2"}],"replies":[{"embeddable":true,"href":"https:\/\/polskiksiegowy.de\/index.php\/wp-json\/wp\/v2\/comments?post=571"}],"version-history":[{"count":3,"href":"https:\/\/polskiksiegowy.de\/index.php\/wp-json\/wp\/v2\/posts\/571\/revisions"}],"predecessor-version":[{"id":582,"href":"https:\/\/polskiksiegowy.de\/index.php\/wp-json\/wp\/v2\/posts\/571\/revisions\/582"}],"wp:attachment":[{"href":"https:\/\/polskiksiegowy.de\/index.php\/wp-json\/wp\/v2\/media?parent=571"}],"wp:term":[{"taxonomy":"category","embeddable":true,"href":"https:\/\/polskiksiegowy.de\/index.php\/wp-json\/wp\/v2\/categories?post=571"},{"taxonomy":"post_tag","embeddable":true,"href":"https:\/\/polskiksiegowy.de\/index.php\/wp-json\/wp\/v2\/tags?post=571"}],"curies":[{"name":"wp","href":"https:\/\/api.w.org\/{rel}","templated":true}]}}