{"id":576,"date":"2021-12-14T10:17:29","date_gmt":"2021-12-14T09:17:29","guid":{"rendered":"https:\/\/polskiksiegowy.de\/?p=576"},"modified":"2022-03-15T09:09:47","modified_gmt":"2022-03-15T08:09:47","slug":"do-kiedy-musze-zlozyc-deklaracje","status":"publish","type":"post","link":"https:\/\/polskiksiegowy.de\/index.php\/2021\/12\/14\/do-kiedy-musze-zlozyc-deklaracje\/","title":{"rendered":"Do kiedy musz\u0119 z\u0142o\u017cy\u0107 deklaracje?"},"content":{"rendered":"\n<p>Deklaracje podatkow\u0105 za podatek dochodowy za rok 2019 nale\u017ca\u0142o z\u0142o\u017cy\u0107 do 31.07.2020r. Deklaracje podatkow\u0105 za podatek dochodowy za rok 2020 nale\u017ca\u0142o z\u0142o\u017cy\u0107 do 01.11.2020r. (31.10.2020 to by\u0142a niedziela). To daty kt\u00f3re s\u0105 niezb\u0119dne gdy rozliczamy sie sami. Gdy rozlicza nas osoba uprawniona do sporz\u0105dzania zezna\u0144 podatkowych, to okres si\u0119 wyd\u0142u\u017cy\u0142, i tak w przypadku zeznania za 2020r termin up\u0142ywa 31.05.2022r. Nie czekaj na ostatni moment!<\/p>\n","protected":false},"excerpt":{"rendered":"<p>Deklaracje podatkow\u0105 za podatek dochodowy za rok 2019 nale\u017ca\u0142o z\u0142o\u017cy\u0107 do 31.07.2020r. Deklaracje podatkow\u0105 za podatek dochodowy za rok 2020 nale\u017ca\u0142o z\u0142o\u017cy\u0107 do 01.11.2020r. (31.10.2020 to by\u0142a niedziela). To daty kt\u00f3re s\u0105 niezb\u0119dne gdy rozliczamy sie sami. Gdy rozlicza nas osoba uprawniona do sporz\u0105dzania zezna\u0144 podatkowych, to okres si\u0119 wyd\u0142u\u017cy\u0142, i tak w przypadku zeznania [&hellip;]<\/p>\n","protected":false},"author":2,"featured_media":0,"comment_status":"open","ping_status":"open","sticky":false,"template":"","format":"standard","meta":{"_et_pb_use_builder":"off","_et_pb_old_content":"","_et_gb_content_width":"","footnotes":""},"categories":[18],"tags":[],"class_list":["post-576","post","type-post","status-publish","format-standard","hentry","category-informacje"],"_links":{"self":[{"href":"https:\/\/polskiksiegowy.de\/index.php\/wp-json\/wp\/v2\/posts\/576","targetHints":{"allow":["GET"]}}],"collection":[{"href":"https:\/\/polskiksiegowy.de\/index.php\/wp-json\/wp\/v2\/posts"}],"about":[{"href":"https:\/\/polskiksiegowy.de\/index.php\/wp-json\/wp\/v2\/types\/post"}],"author":[{"embeddable":true,"href":"https:\/\/polskiksiegowy.de\/index.php\/wp-json\/wp\/v2\/users\/2"}],"replies":[{"embeddable":true,"href":"https:\/\/polskiksiegowy.de\/index.php\/wp-json\/wp\/v2\/comments?post=576"}],"version-history":[{"count":1,"href":"https:\/\/polskiksiegowy.de\/index.php\/wp-json\/wp\/v2\/posts\/576\/revisions"}],"predecessor-version":[{"id":577,"href":"https:\/\/polskiksiegowy.de\/index.php\/wp-json\/wp\/v2\/posts\/576\/revisions\/577"}],"wp:attachment":[{"href":"https:\/\/polskiksiegowy.de\/index.php\/wp-json\/wp\/v2\/media?parent=576"}],"wp:term":[{"taxonomy":"category","embeddable":true,"href":"https:\/\/polskiksiegowy.de\/index.php\/wp-json\/wp\/v2\/categories?post=576"},{"taxonomy":"post_tag","embeddable":true,"href":"https:\/\/polskiksiegowy.de\/index.php\/wp-json\/wp\/v2\/tags?post=576"}],"curies":[{"name":"wp","href":"https:\/\/api.w.org\/{rel}","templated":true}]}}